{"id":6830,"date":"2023-03-31T10:56:20","date_gmt":"2023-03-31T08:56:20","guid":{"rendered":"https:\/\/www.sophim.com\/?p=6830"},"modified":"2024-02-06T14:27:26","modified_gmt":"2024-02-06T13:27:26","slug":"in-cosmetics-participation-de-sophim-au-salon","status":"publish","type":"post","link":"https:\/\/www.sophim.com\/fr\/in-cosmetics-participation-de-sophim-au-salon\/","title":{"rendered":"In-cosmetics : participation de Sophim au salon"},"content":{"rendered":"<h2><span style=\"color: #6e9dd4;\">In-cosmetics, le salon de la cosm\u00e9tique de renomm\u00e9e internationale<\/span><\/h2>\n<p><b><img loading=\"lazy\" decoding=\"async\" class=\" wp-image-7930 alignleft\" src=\"https:\/\/www.sophim.com\/wp-content\/uploads\/2023\/03\/Images-1.jpg\" alt=\"\" width=\"320\" height=\"384\" \/><\/b><\/p>\n<p><b>Le salon In-cosmetics<\/b><span style=\"font-weight: 400;\"> est une r\u00e9f\u00e9rence dans le monde de la cosm\u00e9tique. Ce salon r\u00e9unit chaque ann\u00e9e les acteurs majeurs du secteur pour 3 jours riches en \u00e9changes. Les grandes marques, les fournisseurs, les laboratoires et les nouveaux arrivants du secteur se r\u00e9unissent en un m\u00eame lieu afin de mettre en place de<\/span><b> nouvelles collaborations<\/b><span style=\"font-weight: 400;\"> et envisager de<\/span><b> nouvelles perspectives d\u2019\u00e9volution<\/b><span style=\"font-weight: 400;\">.\u00a0<\/span><\/p>\n<p><span style=\"font-weight: 400;\">Afin de mettre en avant l\u2019innovation, l\u2019excellence et les<\/span><b> derni\u00e8res nouveaut\u00e9s en mati\u00e8re de cosm\u00e9tique<\/b><span style=\"font-weight: 400;\">, le salon In-cosmetics agit comme un interm\u00e9diaire entre les leaders et les petites entreprises. Il garantit la <\/span><b>communication <\/b><span style=\"font-weight: 400;\">et <\/span><b>l\u2019enseignement <\/b><span style=\"font-weight: 400;\">des derni\u00e8res connaissances et d\u00e9couvertes. De cette mani\u00e8re, chaque participant est assur\u00e9 de repartir du salon avec de nouveaux projets, de nouvelles id\u00e9es ou de nouveaux partenaires.\u00a0<\/span><\/p>\n<p><span style=\"font-weight: 400;\">Cette ann\u00e9e, le salon In-cosmetics s\u2019est d\u00e9roul\u00e9 dans la ville de <\/span><b>Barcelone<\/b><span style=\"font-weight: 400;\">, les<\/span><b> 28, 29 et 30 mars<\/b><span style=\"font-weight: 400;\">, et a regroup\u00e9 plus de <\/span><b>900 exposants<\/b><span style=\"font-weight: 400;\"> proposant diff\u00e9rentes sp\u00e9cialit\u00e9s : <\/span><\/p>\n<ul>\n<li><span style=\"font-weight: 400;\">entreprises de tests et r\u00e9gulation, <\/span><\/li>\n<li><span style=\"font-weight: 400;\">parfums, <\/span><\/li>\n<li><span style=\"font-weight: 400;\">innovation, <\/span><\/li>\n<li><span style=\"font-weight: 400;\">fournisseurs d\u2019ingr\u00e9dients, <\/span><\/li>\n<li><span style=\"font-weight: 400;\">distributeurs, <\/span><\/li>\n<li><span style=\"font-weight: 400;\">laboratoires <\/span>et bien d\u2019autres secteurs se retrouvent pour une exp\u00e9rience unique au service de l\u2019<b>\u00e9volution de la cosm\u00e9tique<\/b>.<\/li>\n<\/ul>\n<p>&nbsp;<\/p>\n<p>In-cosmetics est une r\u00e9f\u00e9rence \u00e0 l\u2019\u00e9chelle mondiale et un <b>v\u00e9ritable incontournable en B to B <\/b>pour tous les acteurs du secteur souhaitant se d\u00e9velopper.<\/p>\n<h2><span style=\"color: #6e9dd4;\">Les enjeux de la participation de Sophim au salon<\/span><\/h2>\n<p><span style=\"font-weight: 400;\"><img loading=\"lazy\" decoding=\"async\" class=\" wp-image-7925 alignright\" src=\"https:\/\/www.sophim.com\/wp-content\/uploads\/2023\/03\/Images.jpg\" alt=\"\" width=\"274\" height=\"329\" \/>Comme chaque ann\u00e9e, Sophim a particip\u00e9 au salon In-cosmetics (au stand H90). L&rsquo;entreprise confirme ainsi son ambition de continuer son d\u00e9veloppement international et sa position de r\u00e9f\u00e9rence \u00e0 l\u2019\u00e9chelle europ\u00e9enne. Cette participation pr\u00e9sente \u00e9galement<\/span><b> plusieurs enjeux cl\u00e9s<\/b><span style=\"font-weight: 400;\">. En effet, ce salon est l\u2019occasion pour Sophim de revoir ses clients internationaux, une proximit\u00e9 qui nous tient \u00e0 c\u0153ur. Premi\u00e8re de nos valeurs, cette proximit\u00e9 garantit les meilleures relations professionnelles. C\u2019est \u00e9galement l\u2019occasion de leur pr\u00e9senter des<\/span><b> derni\u00e8res formules et produits \u00e9labor\u00e9s <\/b><span style=\"font-weight: 400;\">au cours de l\u2019ann\u00e9e. Enfin c&rsquo;est l&rsquo;opportunit\u00e9 de d\u00e9voiler nos derniers investissements et nos avanc\u00e9es en mati\u00e8re de <\/span><b>RSE<\/b><span style=\"font-weight: 400;\">.<br \/>\n<span class=\"button-custom\"><a href=\"https:\/\/www.sophim.com\/fr\/notre-demarche-durable\/\">D\u00e9couvrez nos engagements<\/a><\/span><\/span><\/p>\n<p><span style=\"font-weight: 400;\">C\u2019est \u00e9galement l\u2019occasion pour notre \u00e9quipe de <\/span><b>rencontrer nos nouveaux clients<\/b><span style=\"font-weight: 400;\">, parmi lesquels des indies brands en pleine croissance, ou encore de <\/span><b>d\u00e9velopper notre r\u00e9seau <\/b><span style=\"font-weight: 400;\">en faisant la rencontre de potentiels nouveaux clients.<br \/>\n<span class=\"button-custom\"><a href=\"https:\/\/www.sophim.com\/fr\/equipe\/\">D\u00e9couvrez notre \u00e9quipe<\/a><\/span><\/span><\/p>\n<p><span style=\"font-weight: 400;\">Notre objectif est d\u2019\u00eatre identifi\u00e9s comme un <\/span><b>fournisseur d\u2019ingr\u00e9dients naturels<\/b><span style=\"font-weight: 400;\">, et de nous adresser aux entreprises \u00e0 la recherche de nouveaux ingr\u00e9dients pour l\u2019\u00e9laboration de leurs formulations.<br \/>\n<span class=\"button-custom\"><a href=\"https:\/\/www.sophim.com\/fr\/squalane\/\">D\u00e9couvrez notre ingr\u00e9dient phare, Phytosqualan<\/a><\/span><\/span><\/p>\n<p><span style=\"font-weight: 400;\">Enfin, en plus de proposer nos produits et notre expertise, le salon In-cosmetics est \u00e9galement l\u2019occasion d\u2019<\/span><b>acqu\u00e9rir de nouvelles connaissances et comp\u00e9tences dans l\u2019industrie<\/b><span style=\"font-weight: 400;\"> gr\u00e2ce aux entreprises pr\u00e9sentes en Innovation Zone. Cette participation strat\u00e9gique dans le monde de la cosm\u00e9tique s\u2019est r\u00e9v\u00e9l\u00e9e, cette ann\u00e9e encore, productive et enrichissante. Encore un pas en avant pour Sophim dans la fabrication d&rsquo;ingr\u00e9dients d\u2019origine naturelle.<\/span><\/p>\n<h2><span style=\"color: #6e9dd4;\"><br \/>\nLa nouveaut\u00e9 Sophim 2023, PhytOlive\u00aeFine<\/span><\/h2>\n<p><span style=\"font-weight: 400;\">Cette ann\u00e9e, le stand de Sophim a pu, en plus de d\u00e9velopper le r\u00e9seau de l\u2019entreprise, pr\u00e9senter au grand public <\/span><b>son tout dernier produit<\/b><span style=\"font-weight: 400;\"> : <\/span><b>PhytOlive\u00aeFine<\/b><span style=\"font-weight: 400;\">. Dans la continuit\u00e9 des produits d\u00e9j\u00e0 propos\u00e9s, PhytOlive<\/span><b>\u00ae<\/b><span style=\"font-weight: 400;\">Fine est issu de l\u2019<\/span><b>upcyclage des noyaux d\u2019olives<\/b><span style=\"font-weight: 400;\">. <\/span><\/p>\n<p><img loading=\"lazy\" decoding=\"async\" class=\"size-medium wp-image-7681 alignleft\" src=\"https:\/\/www.sophim.com\/wp-content\/uploads\/2023\/05\/Image-slider-POF-966-x-440-px-300x137.jpg\" alt=\"\" width=\"300\" height=\"137\" srcset=\"https:\/\/www.sophim.com\/wp-content\/uploads\/2023\/05\/Image-slider-POF-966-x-440-px-300x137.jpg 300w, https:\/\/www.sophim.com\/wp-content\/uploads\/2023\/05\/Image-slider-POF-966-x-440-px-768x350.jpg 768w, https:\/\/www.sophim.com\/wp-content\/uploads\/2023\/05\/Image-slider-POF-966-x-440-px.jpg 966w\" sizes=\"auto, (max-width: 300px) 100vw, 300px\" \/><\/p>\n<p><span style=\"font-weight: 400;\">Il s\u2019agit d\u2019un <\/span><b>exfoliant biosourc\u00e9 <\/b><span style=\"font-weight: 400;\">pouvant \u00eatre utilis\u00e9 \u00e0 la place des billes de plastique ou comme alternative aux sucres et aux sels d\u2019exfoliation. Depuis plusieurs ann\u00e9es, Sophim s\u2019est sp\u00e9cialis\u00e9 dans l\u2019upcyclage, notamment celui des olives. Nous donnons une seconde vie aux r\u00e9sidus issus de l\u2019exploitation de l\u2019olive.<br \/>\n<span class=\"button-custom\"><a href=\"https:\/\/www.sophim.com\/en\/product\/phytolivefine\/\">D\u00e9couvrez PhytOlive\u00aeFine<\/a><\/span><\/span><\/p>\n<p><span style=\"font-weight: 400;\">La pr\u00e9sentation de ce nouveau produit permet de d\u00e9montrer encore une fois<\/span><b> l\u2019expertise et l\u2019engagement de notre entreprise en faveur de l\u2019environnement<\/b><span style=\"font-weight: 400;\">, en privil\u00e9giant la r\u00e9utilisation d\u2019une mati\u00e8re d\u00e9j\u00e0 optimis\u00e9e et une fabrication fran\u00e7aise. Cette pr\u00e9sentation d\u2019un nouveau produit au salon In-cosmetics fut l\u2019occasion de montrer le produit aux clients et d\u2019en expliquer les nombreuses propri\u00e9t\u00e9s.<br \/>\n<\/span><\/p>\n<p>&nbsp;<\/p>\n<h3><strong>Sophim, une entreprise au service de la cosm\u00e9tique responsable<\/strong><\/h3>\n<p><span style=\"font-weight: 400;\">Sophim a pour objectif de <\/span><b>transformer la cosm\u00e9tique de demain<\/b><span style=\"font-weight: 400;\"> en proposant aux fabricants des <\/span><b>ingr\u00e9dients d\u2019origine naturelle<\/b><span style=\"font-weight: 400;\">, certifi\u00e9s COSMOS pour une partie, engag\u00e9s pour une cosm\u00e9tique plus saine et plus responsable des enjeux environnementaux modernes. Vous \u00eates \u00e0 la recherche de<\/span><b> nouveaux ingr\u00e9dients innovants<\/b><span style=\"font-weight: 400;\"> pour la formulation de vos produits cosm\u00e9tiques ? Nous vous accompagnons dans l\u2019\u00e9laboration de vos produits. N\u2019h\u00e9sitez pas \u00e0 contacter nos \u00e9quipes au (+33)4 92 33 17 17 ou en ligne : <span class=\"button-custom\"><a href=\"https:\/\/www.sophim.com\/fr\/contact\/\">Contactez Sophim<\/a><\/span><\/span><\/p>\n","protected":false},"excerpt":{"rendered":"<p>In-cosmetics, le salon de la cosm\u00e9tique de renomm\u00e9e internationale Le salon In-cosmetics est une r\u00e9f\u00e9rence dans le monde de la cosm\u00e9tique. Ce salon r\u00e9unit chaque ann\u00e9e les acteurs majeurs du secteur pour 3 jours riches en \u00e9changes. Les grandes marques, les fournisseurs, les laboratoires et les nouveaux arrivants du secteur se r\u00e9unissent en un m\u00eame [&hellip;]<\/p>\n","protected":false},"author":23,"featured_media":6855,"comment_status":"open","ping_status":"open","sticky":false,"template":"","format":"standard","meta":{"footnotes":""},"categories":[5,6],"tags":[],"class_list":["post-6830","post","type-post","status-publish","format-standard","has-post-thumbnail","hentry","category-actualites","category-salons"],"yoast_head":"<!-- This site is optimized with the Yoast SEO plugin v27.4 - https:\/\/yoast.com\/product\/yoast-seo-wordpress\/ -->\n<title>In-cosmetics : participation de Sophim au salon | Sophim<\/title>\n<meta name=\"description\" content=\"Revenez sur ces trois jours pass\u00e9s au salon In-cosmetics \u00e0 Barcelone, d\u00e9couvrez le stand Sophim et les enjeux de notre participation.\" \/>\n<meta name=\"robots\" content=\"index, follow, max-snippet:-1, max-image-preview:large, max-video-preview:-1\" \/>\n<link rel=\"canonical\" href=\"https:\/\/www.sophim.com\/fr\/in-cosmetics-participation-de-sophim-au-salon\/\" \/>\n<meta property=\"og:locale\" content=\"fr_FR\" \/>\n<meta property=\"og:type\" content=\"article\" \/>\n<meta property=\"og:title\" content=\"In-cosmetics : participation de Sophim au salon | Sophim\" \/>\n<meta property=\"og:description\" content=\"Revenez sur ces trois jours pass\u00e9s au salon In-cosmetics \u00e0 Barcelone, d\u00e9couvrez le stand Sophim et les enjeux de notre participation.\" \/>\n<meta property=\"og:url\" content=\"https:\/\/www.sophim.com\/fr\/in-cosmetics-participation-de-sophim-au-salon\/\" \/>\n<meta property=\"og:site_name\" content=\"SOPHIM fournisseur ingr\u00e9dient cosm\u00e9tique\" \/>\n<meta property=\"article:published_time\" content=\"2023-03-31T08:56:20+00:00\" \/>\n<meta property=\"article:modified_time\" content=\"2024-02-06T13:27:26+00:00\" \/>\n<meta property=\"og:image\" content=\"https:\/\/www.sophim.com\/wp-content\/uploads\/2023\/04\/52049756194_0e57514354_h.jpg\" \/>\n\t<meta property=\"og:image:width\" content=\"1500\" \/>\n\t<meta property=\"og:image:height\" content=\"1000\" \/>\n\t<meta property=\"og:image:type\" content=\"image\/jpeg\" \/>\n<meta name=\"author\" content=\"Melih Mazlum\" \/>\n<meta name=\"twitter:card\" content=\"summary_large_image\" \/>\n<meta name=\"twitter:label1\" content=\"\u00c9crit par\" \/>\n\t<meta name=\"twitter:data1\" content=\"Melih Mazlum\" \/>\n\t<meta name=\"twitter:label2\" content=\"Dur\u00e9e de lecture estim\u00e9e\" \/>\n\t<meta name=\"twitter:data2\" content=\"5 minutes\" \/>\n<script type=\"application\/ld+json\" class=\"yoast-schema-graph\">{\"@context\":\"https:\\\/\\\/schema.org\",\"@graph\":[{\"@type\":\"Article\",\"@id\":\"https:\\\/\\\/www.sophim.com\\\/fr\\\/in-cosmetics-participation-de-sophim-au-salon\\\/#article\",\"isPartOf\":{\"@id\":\"https:\\\/\\\/www.sophim.com\\\/fr\\\/in-cosmetics-participation-de-sophim-au-salon\\\/\"},\"author\":{\"name\":\"Melih Mazlum\",\"@id\":\"https:\\\/\\\/www.sophim.com\\\/fr\\\/#\\\/schema\\\/person\\\/d37666456467566afedc60372a1b1c19\"},\"headline\":\"In-cosmetics : participation de Sophim au salon\",\"datePublished\":\"2023-03-31T08:56:20+00:00\",\"dateModified\":\"2024-02-06T13:27:26+00:00\",\"mainEntityOfPage\":{\"@id\":\"https:\\\/\\\/www.sophim.com\\\/fr\\\/in-cosmetics-participation-de-sophim-au-salon\\\/\"},\"wordCount\":824,\"commentCount\":0,\"publisher\":{\"@id\":\"https:\\\/\\\/www.sophim.com\\\/fr\\\/#organization\"},\"image\":{\"@id\":\"https:\\\/\\\/www.sophim.com\\\/fr\\\/in-cosmetics-participation-de-sophim-au-salon\\\/#primaryimage\"},\"thumbnailUrl\":\"https:\\\/\\\/www.sophim.com\\\/wp-content\\\/uploads\\\/2023\\\/04\\\/52049756194_0e57514354_h.jpg\",\"articleSection\":[\"Actualit\u00e9s\",\"Salons\"],\"inLanguage\":\"fr-FR\",\"potentialAction\":[{\"@type\":\"CommentAction\",\"name\":\"Comment\",\"target\":[\"https:\\\/\\\/www.sophim.com\\\/fr\\\/in-cosmetics-participation-de-sophim-au-salon\\\/#respond\"]}]},{\"@type\":\"WebPage\",\"@id\":\"https:\\\/\\\/www.sophim.com\\\/fr\\\/in-cosmetics-participation-de-sophim-au-salon\\\/\",\"url\":\"https:\\\/\\\/www.sophim.com\\\/fr\\\/in-cosmetics-participation-de-sophim-au-salon\\\/\",\"name\":\"In-cosmetics : participation de Sophim au salon | Sophim\",\"isPartOf\":{\"@id\":\"https:\\\/\\\/www.sophim.com\\\/fr\\\/#website\"},\"primaryImageOfPage\":{\"@id\":\"https:\\\/\\\/www.sophim.com\\\/fr\\\/in-cosmetics-participation-de-sophim-au-salon\\\/#primaryimage\"},\"image\":{\"@id\":\"https:\\\/\\\/www.sophim.com\\\/fr\\\/in-cosmetics-participation-de-sophim-au-salon\\\/#primaryimage\"},\"thumbnailUrl\":\"https:\\\/\\\/www.sophim.com\\\/wp-content\\\/uploads\\\/2023\\\/04\\\/52049756194_0e57514354_h.jpg\",\"datePublished\":\"2023-03-31T08:56:20+00:00\",\"dateModified\":\"2024-02-06T13:27:26+00:00\",\"description\":\"Revenez sur ces trois jours pass\u00e9s au salon In-cosmetics \u00e0 Barcelone, d\u00e9couvrez le stand Sophim et les enjeux de notre participation.\",\"breadcrumb\":{\"@id\":\"https:\\\/\\\/www.sophim.com\\\/fr\\\/in-cosmetics-participation-de-sophim-au-salon\\\/#breadcrumb\"},\"inLanguage\":\"fr-FR\",\"potentialAction\":[{\"@type\":\"ReadAction\",\"target\":[\"https:\\\/\\\/www.sophim.com\\\/fr\\\/in-cosmetics-participation-de-sophim-au-salon\\\/\"]}]},{\"@type\":\"ImageObject\",\"inLanguage\":\"fr-FR\",\"@id\":\"https:\\\/\\\/www.sophim.com\\\/fr\\\/in-cosmetics-participation-de-sophim-au-salon\\\/#primaryimage\",\"url\":\"https:\\\/\\\/www.sophim.com\\\/wp-content\\\/uploads\\\/2023\\\/04\\\/52049756194_0e57514354_h.jpg\",\"contentUrl\":\"https:\\\/\\\/www.sophim.com\\\/wp-content\\\/uploads\\\/2023\\\/04\\\/52049756194_0e57514354_h.jpg\",\"width\":1500,\"height\":1000,\"caption\":\"Revenez sur cette journ\u00e9e pass\u00e9e au salon In-cosmetics \u00e0 Barcelone et d\u00e9couvrez le stand Sophim.\"},{\"@type\":\"BreadcrumbList\",\"@id\":\"https:\\\/\\\/www.sophim.com\\\/fr\\\/in-cosmetics-participation-de-sophim-au-salon\\\/#breadcrumb\",\"itemListElement\":[{\"@type\":\"ListItem\",\"position\":1,\"name\":\"Home\",\"item\":\"https:\\\/\\\/www.sophim.com\\\/fr\\\/\"},{\"@type\":\"ListItem\",\"position\":2,\"name\":\"In-cosmetics : participation de Sophim au salon\"}]},{\"@type\":\"WebSite\",\"@id\":\"https:\\\/\\\/www.sophim.com\\\/fr\\\/#website\",\"url\":\"https:\\\/\\\/www.sophim.com\\\/fr\\\/\",\"name\":\"SOPHIM fournisseur ingr\u00e9dient cosm\u00e9tique\",\"description\":\"Sophim est un fabricant d&#039;ingr\u00e9dients cosm\u00e9tiques naturels\",\"publisher\":{\"@id\":\"https:\\\/\\\/www.sophim.com\\\/fr\\\/#organization\"},\"potentialAction\":[{\"@type\":\"SearchAction\",\"target\":{\"@type\":\"EntryPoint\",\"urlTemplate\":\"https:\\\/\\\/www.sophim.com\\\/fr\\\/?s={search_term_string}\"},\"query-input\":{\"@type\":\"PropertyValueSpecification\",\"valueRequired\":true,\"valueName\":\"search_term_string\"}}],\"inLanguage\":\"fr-FR\"},{\"@type\":\"Organization\",\"@id\":\"https:\\\/\\\/www.sophim.com\\\/fr\\\/#organization\",\"name\":\"Sophim\",\"url\":\"https:\\\/\\\/www.sophim.com\\\/fr\\\/\",\"logo\":{\"@type\":\"ImageObject\",\"inLanguage\":\"fr-FR\",\"@id\":\"https:\\\/\\\/www.sophim.com\\\/fr\\\/#\\\/schema\\\/logo\\\/image\\\/\",\"url\":\"https:\\\/\\\/www.sophim.com\\\/wp-content\\\/uploads\\\/2019\\\/01\\\/sophim_logo.png\",\"contentUrl\":\"https:\\\/\\\/www.sophim.com\\\/wp-content\\\/uploads\\\/2019\\\/01\\\/sophim_logo.png\",\"width\":327,\"height\":156,\"caption\":\"Sophim\"},\"image\":{\"@id\":\"https:\\\/\\\/www.sophim.com\\\/fr\\\/#\\\/schema\\\/logo\\\/image\\\/\"}},{\"@type\":\"Person\",\"@id\":\"https:\\\/\\\/www.sophim.com\\\/fr\\\/#\\\/schema\\\/person\\\/d37666456467566afedc60372a1b1c19\",\"name\":\"Melih Mazlum\",\"image\":{\"@type\":\"ImageObject\",\"inLanguage\":\"fr-FR\",\"@id\":\"https:\\\/\\\/secure.gravatar.com\\\/avatar\\\/ffed22f29b280a0f8d08187544f3532f448c7f6743425fc5ee7d644f69836ee2?s=96&d=mm&r=g\",\"url\":\"https:\\\/\\\/secure.gravatar.com\\\/avatar\\\/ffed22f29b280a0f8d08187544f3532f448c7f6743425fc5ee7d644f69836ee2?s=96&d=mm&r=g\",\"contentUrl\":\"https:\\\/\\\/secure.gravatar.com\\\/avatar\\\/ffed22f29b280a0f8d08187544f3532f448c7f6743425fc5ee7d644f69836ee2?s=96&d=mm&r=g\",\"caption\":\"Melih Mazlum\"}}]}<\/script>\n<!-- \/ Yoast SEO plugin. -->","yoast_head_json":{"title":"In-cosmetics : participation de Sophim au salon | Sophim","description":"Revenez sur ces trois jours pass\u00e9s au salon In-cosmetics \u00e0 Barcelone, d\u00e9couvrez le stand Sophim et les enjeux de notre participation.","robots":{"index":"index","follow":"follow","max-snippet":"max-snippet:-1","max-image-preview":"max-image-preview:large","max-video-preview":"max-video-preview:-1"},"canonical":"https:\/\/www.sophim.com\/fr\/in-cosmetics-participation-de-sophim-au-salon\/","og_locale":"fr_FR","og_type":"article","og_title":"In-cosmetics : participation de Sophim au salon | Sophim","og_description":"Revenez sur ces trois jours pass\u00e9s au salon In-cosmetics \u00e0 Barcelone, d\u00e9couvrez le stand Sophim et les enjeux de notre participation.","og_url":"https:\/\/www.sophim.com\/fr\/in-cosmetics-participation-de-sophim-au-salon\/","og_site_name":"SOPHIM fournisseur ingr\u00e9dient cosm\u00e9tique","article_published_time":"2023-03-31T08:56:20+00:00","article_modified_time":"2024-02-06T13:27:26+00:00","og_image":[{"width":1500,"height":1000,"url":"https:\/\/www.sophim.com\/wp-content\/uploads\/2023\/04\/52049756194_0e57514354_h.jpg","type":"image\/jpeg"}],"author":"Melih Mazlum","twitter_card":"summary_large_image","twitter_misc":{"\u00c9crit par":"Melih Mazlum","Dur\u00e9e de lecture estim\u00e9e":"5 minutes"},"schema":{"@context":"https:\/\/schema.org","@graph":[{"@type":"Article","@id":"https:\/\/www.sophim.com\/fr\/in-cosmetics-participation-de-sophim-au-salon\/#article","isPartOf":{"@id":"https:\/\/www.sophim.com\/fr\/in-cosmetics-participation-de-sophim-au-salon\/"},"author":{"name":"Melih Mazlum","@id":"https:\/\/www.sophim.com\/fr\/#\/schema\/person\/d37666456467566afedc60372a1b1c19"},"headline":"In-cosmetics : participation de Sophim au salon","datePublished":"2023-03-31T08:56:20+00:00","dateModified":"2024-02-06T13:27:26+00:00","mainEntityOfPage":{"@id":"https:\/\/www.sophim.com\/fr\/in-cosmetics-participation-de-sophim-au-salon\/"},"wordCount":824,"commentCount":0,"publisher":{"@id":"https:\/\/www.sophim.com\/fr\/#organization"},"image":{"@id":"https:\/\/www.sophim.com\/fr\/in-cosmetics-participation-de-sophim-au-salon\/#primaryimage"},"thumbnailUrl":"https:\/\/www.sophim.com\/wp-content\/uploads\/2023\/04\/52049756194_0e57514354_h.jpg","articleSection":["Actualit\u00e9s","Salons"],"inLanguage":"fr-FR","potentialAction":[{"@type":"CommentAction","name":"Comment","target":["https:\/\/www.sophim.com\/fr\/in-cosmetics-participation-de-sophim-au-salon\/#respond"]}]},{"@type":"WebPage","@id":"https:\/\/www.sophim.com\/fr\/in-cosmetics-participation-de-sophim-au-salon\/","url":"https:\/\/www.sophim.com\/fr\/in-cosmetics-participation-de-sophim-au-salon\/","name":"In-cosmetics : participation de Sophim au salon | Sophim","isPartOf":{"@id":"https:\/\/www.sophim.com\/fr\/#website"},"primaryImageOfPage":{"@id":"https:\/\/www.sophim.com\/fr\/in-cosmetics-participation-de-sophim-au-salon\/#primaryimage"},"image":{"@id":"https:\/\/www.sophim.com\/fr\/in-cosmetics-participation-de-sophim-au-salon\/#primaryimage"},"thumbnailUrl":"https:\/\/www.sophim.com\/wp-content\/uploads\/2023\/04\/52049756194_0e57514354_h.jpg","datePublished":"2023-03-31T08:56:20+00:00","dateModified":"2024-02-06T13:27:26+00:00","description":"Revenez sur ces trois jours pass\u00e9s au salon In-cosmetics \u00e0 Barcelone, d\u00e9couvrez le stand Sophim et les enjeux de notre participation.","breadcrumb":{"@id":"https:\/\/www.sophim.com\/fr\/in-cosmetics-participation-de-sophim-au-salon\/#breadcrumb"},"inLanguage":"fr-FR","potentialAction":[{"@type":"ReadAction","target":["https:\/\/www.sophim.com\/fr\/in-cosmetics-participation-de-sophim-au-salon\/"]}]},{"@type":"ImageObject","inLanguage":"fr-FR","@id":"https:\/\/www.sophim.com\/fr\/in-cosmetics-participation-de-sophim-au-salon\/#primaryimage","url":"https:\/\/www.sophim.com\/wp-content\/uploads\/2023\/04\/52049756194_0e57514354_h.jpg","contentUrl":"https:\/\/www.sophim.com\/wp-content\/uploads\/2023\/04\/52049756194_0e57514354_h.jpg","width":1500,"height":1000,"caption":"Revenez sur cette journ\u00e9e pass\u00e9e au salon In-cosmetics \u00e0 Barcelone et d\u00e9couvrez le stand Sophim."},{"@type":"BreadcrumbList","@id":"https:\/\/www.sophim.com\/fr\/in-cosmetics-participation-de-sophim-au-salon\/#breadcrumb","itemListElement":[{"@type":"ListItem","position":1,"name":"Home","item":"https:\/\/www.sophim.com\/fr\/"},{"@type":"ListItem","position":2,"name":"In-cosmetics : participation de Sophim au salon"}]},{"@type":"WebSite","@id":"https:\/\/www.sophim.com\/fr\/#website","url":"https:\/\/www.sophim.com\/fr\/","name":"SOPHIM fournisseur ingr\u00e9dient cosm\u00e9tique","description":"Sophim est un fabricant d&#039;ingr\u00e9dients cosm\u00e9tiques naturels","publisher":{"@id":"https:\/\/www.sophim.com\/fr\/#organization"},"potentialAction":[{"@type":"SearchAction","target":{"@type":"EntryPoint","urlTemplate":"https:\/\/www.sophim.com\/fr\/?s={search_term_string}"},"query-input":{"@type":"PropertyValueSpecification","valueRequired":true,"valueName":"search_term_string"}}],"inLanguage":"fr-FR"},{"@type":"Organization","@id":"https:\/\/www.sophim.com\/fr\/#organization","name":"Sophim","url":"https:\/\/www.sophim.com\/fr\/","logo":{"@type":"ImageObject","inLanguage":"fr-FR","@id":"https:\/\/www.sophim.com\/fr\/#\/schema\/logo\/image\/","url":"https:\/\/www.sophim.com\/wp-content\/uploads\/2019\/01\/sophim_logo.png","contentUrl":"https:\/\/www.sophim.com\/wp-content\/uploads\/2019\/01\/sophim_logo.png","width":327,"height":156,"caption":"Sophim"},"image":{"@id":"https:\/\/www.sophim.com\/fr\/#\/schema\/logo\/image\/"}},{"@type":"Person","@id":"https:\/\/www.sophim.com\/fr\/#\/schema\/person\/d37666456467566afedc60372a1b1c19","name":"Melih Mazlum","image":{"@type":"ImageObject","inLanguage":"fr-FR","@id":"https:\/\/secure.gravatar.com\/avatar\/ffed22f29b280a0f8d08187544f3532f448c7f6743425fc5ee7d644f69836ee2?s=96&d=mm&r=g","url":"https:\/\/secure.gravatar.com\/avatar\/ffed22f29b280a0f8d08187544f3532f448c7f6743425fc5ee7d644f69836ee2?s=96&d=mm&r=g","contentUrl":"https:\/\/secure.gravatar.com\/avatar\/ffed22f29b280a0f8d08187544f3532f448c7f6743425fc5ee7d644f69836ee2?s=96&d=mm&r=g","caption":"Melih Mazlum"}}]}},"_links":{"self":[{"href":"https:\/\/www.sophim.com\/fr\/wp-json\/wp\/v2\/posts\/6830","targetHints":{"allow":["GET"]}}],"collection":[{"href":"https:\/\/www.sophim.com\/fr\/wp-json\/wp\/v2\/posts"}],"about":[{"href":"https:\/\/www.sophim.com\/fr\/wp-json\/wp\/v2\/types\/post"}],"author":[{"embeddable":true,"href":"https:\/\/www.sophim.com\/fr\/wp-json\/wp\/v2\/users\/23"}],"replies":[{"embeddable":true,"href":"https:\/\/www.sophim.com\/fr\/wp-json\/wp\/v2\/comments?post=6830"}],"version-history":[{"count":0,"href":"https:\/\/www.sophim.com\/fr\/wp-json\/wp\/v2\/posts\/6830\/revisions"}],"wp:featuredmedia":[{"embeddable":true,"href":"https:\/\/www.sophim.com\/fr\/wp-json\/wp\/v2\/media\/6855"}],"wp:attachment":[{"href":"https:\/\/www.sophim.com\/fr\/wp-json\/wp\/v2\/media?parent=6830"}],"wp:term":[{"taxonomy":"category","embeddable":true,"href":"https:\/\/www.sophim.com\/fr\/wp-json\/wp\/v2\/categories?post=6830"},{"taxonomy":"post_tag","embeddable":true,"href":"https:\/\/www.sophim.com\/fr\/wp-json\/wp\/v2\/tags?post=6830"}],"curies":[{"name":"wp","href":"https:\/\/api.w.org\/{rel}","templated":true}]}}